{"id":4912,"date":"2023-10-17T10:15:29","date_gmt":"2023-10-17T09:15:29","guid":{"rendered":"https:\/\/www.marcasal.es\/?p=4912"},"modified":"2023-10-17T10:40:46","modified_gmt":"2023-10-17T09:40:46","slug":"hotel-la-torre-del-remei","status":"publish","type":"post","link":"https:\/\/www.marcasal.es\/en\/hotel-la-torre-del-remei\/","title":{"rendered":"Hotel La Torre del Remei"},"content":{"rendered":"<div data-elementor-type=\"wp-post\" data-elementor-id=\"4912\" class=\"elementor elementor-4912\">\n\t\t\t\t\t\t<section class=\"elementor-section elementor-top-section elementor-element elementor-element-4d35cd5 elementor-section-boxed elementor-section-height-default elementor-section-height-default\" data-id=\"4d35cd5\" data-element_type=\"section\" data-e-type=\"section\">\n\t\t\t\t\t\t<div class=\"elementor-container elementor-column-gap-default\">\n\t\t\t\t\t<div class=\"elementor-column elementor-col-100 elementor-top-column elementor-element elementor-element-5380e3\" data-id=\"5380e3\" data-element_type=\"column\" data-e-type=\"column\">\n\t\t\t<div class=\"elementor-widget-wrap elementor-element-populated\">\n\t\t\t\t\t\t<div class=\"elementor-element elementor-element-6a35b1f2 elementor-widget elementor-widget-spacer\" data-id=\"6a35b1f2\" data-element_type=\"widget\" data-e-type=\"widget\" data-widget_type=\"spacer.default\">\n\t\t\t\t<div class=\"elementor-widget-container\">\n\t\t\t\t\t\t\t<div class=\"elementor-spacer\">\n\t\t\t<div class=\"elementor-spacer-inner\"><\/div>\n\t\t<\/div>\n\t\t\t\t\t\t<\/div>\n\t\t\t\t<\/div>\n\t\t\t\t<div class=\"elementor-element elementor-element-10e3b88 Hotel elementor-widget elementor-widget-heading\" data-id=\"10e3b88\" data-element_type=\"widget\" data-e-type=\"widget\" data-widget_type=\"heading.default\">\n\t\t\t\t<div class=\"elementor-widget-container\">\n\t\t\t\t\t<h2 class=\"elementor-heading-title elementor-size-xl\">Hotel La Torre del Remei<\/h2>\t\t\t\t<\/div>\n\t\t\t\t<\/div>\n\t\t\t\t<div class=\"elementor-element elementor-element-6f45f7f elementor-widget elementor-widget-spacer\" data-id=\"6f45f7f\" data-element_type=\"widget\" data-e-type=\"widget\" data-widget_type=\"spacer.default\">\n\t\t\t\t<div class=\"elementor-widget-container\">\n\t\t\t\t\t\t\t<div class=\"elementor-spacer\">\n\t\t\t<div class=\"elementor-spacer-inner\"><\/div>\n\t\t<\/div>\n\t\t\t\t\t\t<\/div>\n\t\t\t\t<\/div>\n\t\t\t\t<div class=\"elementor-element elementor-element-2764e30f elementor-widget__width-inherit elementor-widget elementor-widget-image\" data-id=\"2764e30f\" data-element_type=\"widget\" data-e-type=\"widget\" data-widget_type=\"image.default\">\n\t\t\t\t<div class=\"elementor-widget-container\">\n\t\t\t\t\t\t\t\t\t\t\t\t\t\t\t<img fetchpriority=\"high\" decoding=\"async\" width=\"2048\" height=\"1365\" src=\"https:\/\/www.marcasal.es\/wp-content\/uploads\/2023\/09\/Marcasal_Serras-Torre-del-Remei-cortinas.jpeg\" class=\"attachment-full size-full wp-image-4921\" alt=\"\" srcset=\"https:\/\/www.marcasal.es\/wp-content\/uploads\/2023\/09\/Marcasal_Serras-Torre-del-Remei-cortinas.jpeg 2048w, https:\/\/www.marcasal.es\/wp-content\/uploads\/2023\/09\/Marcasal_Serras-Torre-del-Remei-cortinas-300x200.jpeg 300w, https:\/\/www.marcasal.es\/wp-content\/uploads\/2023\/09\/Marcasal_Serras-Torre-del-Remei-cortinas-1024x683.jpeg 1024w, https:\/\/www.marcasal.es\/wp-content\/uploads\/2023\/09\/Marcasal_Serras-Torre-del-Remei-cortinas-768x512.jpeg 768w, https:\/\/www.marcasal.es\/wp-content\/uploads\/2023\/09\/Marcasal_Serras-Torre-del-Remei-cortinas-1536x1024.jpeg 1536w, https:\/\/www.marcasal.es\/wp-content\/uploads\/2023\/09\/Marcasal_Serras-Torre-del-Remei-cortinas-18x12.jpeg 18w\" sizes=\"(max-width: 2048px) 100vw, 2048px\" \/>\t\t\t\t\t\t\t\t\t\t\t\t\t\t\t<\/div>\n\t\t\t\t<\/div>\n\t\t\t\t<div class=\"elementor-element elementor-element-76a68f26 elementor-hidden-mobile elementor-widget elementor-widget-spacer\" data-id=\"76a68f26\" data-element_type=\"widget\" data-e-type=\"widget\" data-widget_type=\"spacer.default\">\n\t\t\t\t<div class=\"elementor-widget-container\">\n\t\t\t\t\t\t\t<div class=\"elementor-spacer\">\n\t\t\t<div class=\"elementor-spacer-inner\"><\/div>\n\t\t<\/div>\n\t\t\t\t\t\t<\/div>\n\t\t\t\t<\/div>\n\t\t\t\t\t<\/div>\n\t\t<\/div>\n\t\t\t\t\t<\/div>\n\t\t<\/section>\n\t\t\t\t<section class=\"elementor-section elementor-top-section elementor-element elementor-element-40006071 elementor-section-boxed elementor-section-height-default elementor-section-height-default\" data-id=\"40006071\" data-element_type=\"section\" data-e-type=\"section\">\n\t\t\t\t\t\t<div class=\"elementor-container elementor-column-gap-default\">\n\t\t\t\t\t<div class=\"elementor-column elementor-col-20 elementor-top-column elementor-element elementor-element-7cb207ac\" data-id=\"7cb207ac\" data-element_type=\"column\" data-e-type=\"column\">\n\t\t\t<div class=\"elementor-widget-wrap elementor-element-populated\">\n\t\t\t\t\t\t<div class=\"elementor-element elementor-element-2f3ccf57 elementor-widget elementor-widget-text-editor\" data-id=\"2f3ccf57\" data-element_type=\"widget\" data-e-type=\"widget\" data-widget_type=\"text-editor.default\">\n\t\t\t\t<div class=\"elementor-widget-container\">\n\t\t\t\t\t\t\t\t\t<h4>YEAR<\/h4><p>2023<\/p>\t\t\t\t\t\t\t\t<\/div>\n\t\t\t\t<\/div>\n\t\t\t\t\t<\/div>\n\t\t<\/div>\n\t\t\t\t<div class=\"elementor-column elementor-col-20 elementor-top-column elementor-element elementor-element-203f6154\" data-id=\"203f6154\" data-element_type=\"column\" data-e-type=\"column\">\n\t\t\t<div class=\"elementor-widget-wrap elementor-element-populated\">\n\t\t\t\t\t\t<div class=\"elementor-element elementor-element-3ac73c40 elementor-widget elementor-widget-text-editor\" data-id=\"3ac73c40\" data-element_type=\"widget\" data-e-type=\"widget\" data-widget_type=\"text-editor.default\">\n\t\t\t\t<div class=\"elementor-widget-container\">\n\t\t\t\t\t\t\t\t\t<h4>PROJECT<\/h4><p><a href=\"https:\/\/serrastorredelremei.com\/es\/\">Torre del Remei<\/a><br \/>Girona, Espa\u00f1a<\/p>\t\t\t\t\t\t\t\t<\/div>\n\t\t\t\t<\/div>\n\t\t\t\t\t<\/div>\n\t\t<\/div>\n\t\t\t\t<div class=\"elementor-column elementor-col-20 elementor-top-column elementor-element elementor-element-568bb8bb\" data-id=\"568bb8bb\" data-element_type=\"column\" data-e-type=\"column\">\n\t\t\t<div class=\"elementor-widget-wrap elementor-element-populated\">\n\t\t\t\t\t\t<div class=\"elementor-element elementor-element-6e3fb0e0 elementor-widget elementor-widget-text-editor\" data-id=\"6e3fb0e0\" data-element_type=\"widget\" data-e-type=\"widget\" data-widget_type=\"text-editor.default\">\n\t\t\t\t<div class=\"elementor-widget-container\">\n\t\t\t\t\t\t\t\t\t<h4><span style=\"color: var( --e-global-color-text ); font-family: var( --e-global-typography-text-font-family ), Sans-serif; font-style: var( --e-global-typography-text-font-style ); letter-spacing: var( --e-global-typography-text-letter-spacing ); background-color: var( --e-global-color-211b50d );\">AUTHORS<\/span><\/h4><p><a href=\"https:\/\/evamartinezinteriordesign.com\/#eva\">Eva Mart\u00ednez<\/a><\/p>\t\t\t\t\t\t\t\t<\/div>\n\t\t\t\t<\/div>\n\t\t\t\t\t<\/div>\n\t\t<\/div>\n\t\t\t\t<div class=\"elementor-column elementor-col-20 elementor-top-column elementor-element elementor-element-1f66a60a\" data-id=\"1f66a60a\" data-element_type=\"column\" data-e-type=\"column\">\n\t\t\t<div class=\"elementor-widget-wrap elementor-element-populated\">\n\t\t\t\t\t\t<div class=\"elementor-element elementor-element-41038ff7 elementor-widget elementor-widget-text-editor\" data-id=\"41038ff7\" data-element_type=\"widget\" data-e-type=\"widget\" data-widget_type=\"text-editor.default\">\n\t\t\t\t<div class=\"elementor-widget-container\">\n\t\t\t\t\t\t\t\t\t<h4>PERFORMANCE AREA<\/h4><p>Hotel's rooms and common<\/p>\t\t\t\t\t\t\t\t<\/div>\n\t\t\t\t<\/div>\n\t\t\t\t\t<\/div>\n\t\t<\/div>\n\t\t\t\t<div class=\"elementor-column elementor-col-20 elementor-top-column elementor-element elementor-element-732fa66a\" data-id=\"732fa66a\" data-element_type=\"column\" data-e-type=\"column\">\n\t\t\t<div class=\"elementor-widget-wrap elementor-element-populated\">\n\t\t\t\t\t\t<div class=\"elementor-element elementor-element-58c915c0 elementor-widget elementor-widget-text-editor\" data-id=\"58c915c0\" data-element_type=\"widget\" data-e-type=\"widget\" data-widget_type=\"text-editor.default\">\n\t\t\t\t<div class=\"elementor-widget-container\">\n\t\t\t\t\t\t\t\t\t<h4>Photographs<\/h4><p>Serras Collection<\/p>\t\t\t\t\t\t\t\t<\/div>\n\t\t\t\t<\/div>\n\t\t\t\t\t<\/div>\n\t\t<\/div>\n\t\t\t\t\t<\/div>\n\t\t<\/section>\n\t\t\t\t<section class=\"elementor-section elementor-top-section elementor-element elementor-element-275adf9 elementor-section-boxed elementor-section-height-default elementor-section-height-default\" data-id=\"275adf9\" data-element_type=\"section\" data-e-type=\"section\">\n\t\t\t\t\t\t<div class=\"elementor-container elementor-column-gap-default\">\n\t\t\t\t\t<div class=\"elementor-column elementor-col-100 elementor-top-column elementor-element elementor-element-5ee294c8\" data-id=\"5ee294c8\" data-element_type=\"column\" data-e-type=\"column\">\n\t\t\t<div class=\"elementor-widget-wrap elementor-element-populated\">\n\t\t\t\t\t\t<div class=\"elementor-element elementor-element-18d9172d elementor-hidden-mobile elementor-widget elementor-widget-spacer\" data-id=\"18d9172d\" data-element_type=\"widget\" data-e-type=\"widget\" data-widget_type=\"spacer.default\">\n\t\t\t\t<div class=\"elementor-widget-container\">\n\t\t\t\t\t\t\t<div class=\"elementor-spacer\">\n\t\t\t<div class=\"elementor-spacer-inner\"><\/div>\n\t\t<\/div>\n\t\t\t\t\t\t<\/div>\n\t\t\t\t<\/div>\n\t\t\t\t\t<\/div>\n\t\t<\/div>\n\t\t\t\t\t<\/div>\n\t\t<\/section>\n\t\t\t\t<section class=\"elementor-section elementor-top-section elementor-element elementor-element-4085d5c7 elementor-section-boxed elementor-section-height-default elementor-section-height-default\" data-id=\"4085d5c7\" data-element_type=\"section\" data-e-type=\"section\">\n\t\t\t\t\t\t<div class=\"elementor-container elementor-column-gap-default\">\n\t\t\t\t\t<div class=\"elementor-column elementor-col-50 elementor-top-column elementor-element elementor-element-2de5dbc3\" data-id=\"2de5dbc3\" data-element_type=\"column\" data-e-type=\"column\">\n\t\t\t<div class=\"elementor-widget-wrap elementor-element-populated\">\n\t\t\t\t\t\t<div class=\"elementor-element elementor-element-ccb6969 elementor-widget elementor-widget-text-editor\" data-id=\"ccb6969\" data-element_type=\"widget\" data-e-type=\"widget\" data-widget_type=\"text-editor.default\">\n\t\t\t\t<div class=\"elementor-widget-container\">\n\t\t\t\t\t\t\t\t\t<p>The <a href=\"https:\/\/serrastorredelremei.com\/es\/\">Hotel Serras Torre del Remei<\/a>,de la cadena Serras Colletion, situado en un pueblo de la Cerdanya, ha experimentado una transformaci\u00f3n excepcional en su dise\u00f1o de interiores, gracias a la colaboraci\u00f3n de la renombrada dise\u00f1adora de interiores <a href=\"https:\/\/evamartinezinteriordesign.com\/#eva\">Eva Mart\u00ednez<\/a> en conjunto con la empresa Marcasal. La <a href=\"https:\/\/serrastorredelremei.com\/es\/\">Torre del Remei<\/a> ahora brilla a\u00fan m\u00e1s gracias a las soluciones textiles de alta calidad que Marcasal ha proporcionado en su proceso de renovaci\u00f3n y al gran trabajo de Eva Mart\u00ednez como dise\u00f1adora.<\/p><p><a href=\"https:\/\/evamartinezinteriordesign.com\/#eva\">Eva Mart\u00ednez<\/a>, con su visi\u00f3n y talento en dise\u00f1o de interiores, trabaj\u00f3 en estrecha colaboraci\u00f3n con <a href=\"https:\/\/www.marcasal.es\/en\/servicios\/\">Marcasal<\/a> para llevar a cabo una reforma integral de las zonas comunes del hotel. Uno de los aspectos m\u00e1s destacados de esta transformaci\u00f3n fue la tapicer\u00eda de los espacios comunes, que incluy\u00f3 butacas, puffs, sof\u00e1s y sillas del restaurante. Cada pieza de mobiliario fue seleccionada cuidadosamente para crear un ambiente acogedor y sofisticado que refleja la esencia \u00fanica de la Cerdanya.<\/p>\t\t\t\t\t\t\t\t<\/div>\n\t\t\t\t<\/div>\n\t\t\t\t<div class=\"elementor-element elementor-element-bc3cce4 elementor-widget elementor-widget-heading\" data-id=\"bc3cce4\" data-element_type=\"widget\" data-e-type=\"widget\" data-widget_type=\"heading.default\">\n\t\t\t\t<div class=\"elementor-widget-container\">\n\t\t\t\t\t<h2 class=\"elementor-heading-title elementor-size-default\">Cortinas con barras curvadas: elegante y distintivo a cualquier espacio<\/h2>\t\t\t\t<\/div>\n\t\t\t\t<\/div>\n\t\t\t\t<div class=\"elementor-element elementor-element-36835f6 elementor-widget elementor-widget-text-editor\" data-id=\"36835f6\" data-element_type=\"widget\" data-e-type=\"widget\" data-widget_type=\"text-editor.default\">\n\t\t\t\t<div class=\"elementor-widget-container\">\n\t\t\t\t\t\t\t\t\t<p>Las cortinas dise\u00f1adas con barras curvadas seg\u00fan la estructura del hotel son un ejemplo de la atenci\u00f3n al detalle que caracteriza este proyecto. Estas cortinas no solo a\u00f1aden un toque de elegancia, sino que tambi\u00e9n se integran perfectamente en la arquitectura existente del edificio. Adem\u00e1s, el cortinaje se dise\u00f1\u00f3 estrat\u00e9gicamente para ocultar estructuras antiguas que se quer\u00edan disimular, logrando un aspecto cohesivo y pulido en todo el espacio.<\/p>\t\t\t\t\t\t\t\t<\/div>\n\t\t\t\t<\/div>\n\t\t\t\t\t<\/div>\n\t\t<\/div>\n\t\t\t\t<div class=\"elementor-column elementor-col-50 elementor-top-column elementor-element elementor-element-60b3a290\" data-id=\"60b3a290\" data-element_type=\"column\" data-e-type=\"column\">\n\t\t\t<div class=\"elementor-widget-wrap elementor-element-populated\">\n\t\t\t\t\t\t<div class=\"elementor-element elementor-element-2d9341d3 elementor-widget elementor-widget-image\" data-id=\"2d9341d3\" data-element_type=\"widget\" data-e-type=\"widget\" data-widget_type=\"image.default\">\n\t\t\t\t<div class=\"elementor-widget-container\">\n\t\t\t\t\t\t\t\t\t\t\t\t\t\t\t<img decoding=\"async\" width=\"800\" height=\"533\" data-src=\"https:\/\/www.marcasal.es\/wp-content\/uploads\/2023\/10\/Marcasal_SerrasTorredelRemei_cortinas-1024x682.jpeg\" class=\"attachment-large size-large wp-image-5108 lazyload\" alt=\"\" data-srcset=\"https:\/\/www.marcasal.es\/wp-content\/uploads\/2023\/10\/Marcasal_SerrasTorredelRemei_cortinas-1024x682.jpeg 1024w, https:\/\/www.marcasal.es\/wp-content\/uploads\/2023\/10\/Marcasal_SerrasTorredelRemei_cortinas-768x512.jpeg 768w\" data-sizes=\"(max-width: 800px) 100vw, 800px\" src=\"data:image\/svg+xml;base64,PHN2ZyB3aWR0aD0iMSIgaGVpZ2h0PSIxIiB4bWxucz0iaHR0cDovL3d3dy53My5vcmcvMjAwMC9zdmciPjwvc3ZnPg==\" style=\"--smush-placeholder-width: 800px; --smush-placeholder-aspect-ratio: 800\/533;\" \/>\t\t\t\t\t\t\t\t\t\t\t\t\t\t\t<\/div>\n\t\t\t\t<\/div>\n\t\t\t\t<div class=\"elementor-element elementor-element-c84b27c elementor-widget elementor-widget-text-editor\" data-id=\"c84b27c\" data-element_type=\"widget\" data-e-type=\"widget\" data-widget_type=\"text-editor.default\">\n\t\t\t\t<div class=\"elementor-widget-container\">\n\t\t\t\t\t\t\t\t\t<h3>Cortinas dise\u00f1adas con barras curvadas seg\u00fan la estructura del hotel.<\/h3>\t\t\t\t\t\t\t\t<\/div>\n\t\t\t\t<\/div>\n\t\t\t\t\t<\/div>\n\t\t<\/div>\n\t\t\t\t\t<\/div>\n\t\t<\/section>\n\t\t\t\t<section class=\"elementor-section elementor-top-section elementor-element elementor-element-46e78ec9 elementor-section-boxed elementor-section-height-default elementor-section-height-default\" data-id=\"46e78ec9\" data-element_type=\"section\" data-e-type=\"section\">\n\t\t\t\t\t\t<div class=\"elementor-container elementor-column-gap-default\">\n\t\t\t\t\t<div class=\"elementor-column elementor-col-50 elementor-top-column elementor-element elementor-element-b216383\" data-id=\"b216383\" data-element_type=\"column\" data-e-type=\"column\">\n\t\t\t<div class=\"elementor-widget-wrap elementor-element-populated\">\n\t\t\t\t\t\t<div class=\"elementor-element elementor-element-5825c98 elementor-widget elementor-widget-image\" data-id=\"5825c98\" data-element_type=\"widget\" data-e-type=\"widget\" data-widget_type=\"image.default\">\n\t\t\t\t<div class=\"elementor-widget-container\">\n\t\t\t\t\t\t\t\t\t\t\t\t\t\t\t<img decoding=\"async\" width=\"1262\" height=\"830\" data-src=\"https:\/\/www.marcasal.es\/wp-content\/uploads\/2023\/09\/Marcasal_Torre-de-remei-e1697535640274.jpeg\" class=\"attachment-full size-full wp-image-4964 lazyload\" alt=\"\" data-srcset=\"https:\/\/www.marcasal.es\/wp-content\/uploads\/2023\/09\/Marcasal_Torre-de-remei-e1697535640274.jpeg 1262w, https:\/\/www.marcasal.es\/wp-content\/uploads\/2023\/09\/Marcasal_Torre-de-remei-e1697535640274-300x197.jpeg 300w, https:\/\/www.marcasal.es\/wp-content\/uploads\/2023\/09\/Marcasal_Torre-de-remei-e1697535640274-1024x673.jpeg 1024w, https:\/\/www.marcasal.es\/wp-content\/uploads\/2023\/09\/Marcasal_Torre-de-remei-e1697535640274-768x505.jpeg 768w, https:\/\/www.marcasal.es\/wp-content\/uploads\/2023\/09\/Marcasal_Torre-de-remei-e1697535640274-18x12.jpeg 18w\" data-sizes=\"(max-width: 1262px) 100vw, 1262px\" src=\"data:image\/svg+xml;base64,PHN2ZyB3aWR0aD0iMSIgaGVpZ2h0PSIxIiB4bWxucz0iaHR0cDovL3d3dy53My5vcmcvMjAwMC9zdmciPjwvc3ZnPg==\" style=\"--smush-placeholder-width: 1262px; --smush-placeholder-aspect-ratio: 1262\/830;\" \/>\t\t\t\t\t\t\t\t\t\t\t\t\t\t\t<\/div>\n\t\t\t\t<\/div>\n\t\t\t\t\t<\/div>\n\t\t<\/div>\n\t\t\t\t<div class=\"elementor-column elementor-col-50 elementor-top-column elementor-element elementor-element-26e36809\" data-id=\"26e36809\" data-element_type=\"column\" data-e-type=\"column\">\n\t\t\t<div class=\"elementor-widget-wrap elementor-element-populated\">\n\t\t\t\t\t\t<div class=\"elementor-element elementor-element-5abba399 elementor-widget elementor-widget-image\" data-id=\"5abba399\" data-element_type=\"widget\" data-e-type=\"widget\" data-widget_type=\"image.default\">\n\t\t\t\t<div class=\"elementor-widget-container\">\n\t\t\t\t\t\t\t\t\t\t\t\t\t\t\t<img decoding=\"async\" width=\"1280\" height=\"853\" data-src=\"https:\/\/www.marcasal.es\/wp-content\/uploads\/2023\/10\/Marcasal_TorredelRemei-_Bar.jpeg\" class=\"attachment-full size-full wp-image-5077 lazyload\" alt=\"\" data-srcset=\"https:\/\/www.marcasal.es\/wp-content\/uploads\/2023\/10\/Marcasal_TorredelRemei-_Bar.jpeg 1280w, https:\/\/www.marcasal.es\/wp-content\/uploads\/2023\/10\/Marcasal_TorredelRemei-_Bar-300x200.jpeg 300w, https:\/\/www.marcasal.es\/wp-content\/uploads\/2023\/10\/Marcasal_TorredelRemei-_Bar-1024x682.jpeg 1024w, https:\/\/www.marcasal.es\/wp-content\/uploads\/2023\/10\/Marcasal_TorredelRemei-_Bar-768x512.jpeg 768w, https:\/\/www.marcasal.es\/wp-content\/uploads\/2023\/10\/Marcasal_TorredelRemei-_Bar-18x12.jpeg 18w\" data-sizes=\"(max-width: 1280px) 100vw, 1280px\" src=\"data:image\/svg+xml;base64,PHN2ZyB3aWR0aD0iMSIgaGVpZ2h0PSIxIiB4bWxucz0iaHR0cDovL3d3dy53My5vcmcvMjAwMC9zdmciPjwvc3ZnPg==\" style=\"--smush-placeholder-width: 1280px; --smush-placeholder-aspect-ratio: 1280\/853;\" \/>\t\t\t\t\t\t\t\t\t\t\t\t\t\t\t<\/div>\n\t\t\t\t<\/div>\n\t\t\t\t\t<\/div>\n\t\t<\/div>\n\t\t\t\t\t<\/div>\n\t\t<\/section>\n\t\t\t\t<section class=\"elementor-section elementor-top-section elementor-element elementor-element-72ede64c elementor-section-boxed elementor-section-height-default elementor-section-height-default\" data-id=\"72ede64c\" data-element_type=\"section\" data-e-type=\"section\">\n\t\t\t\t\t\t<div class=\"elementor-container elementor-column-gap-default\">\n\t\t\t\t\t<div class=\"elementor-column elementor-col-100 elementor-top-column elementor-element elementor-element-7961bd08\" data-id=\"7961bd08\" data-element_type=\"column\" data-e-type=\"column\">\n\t\t\t<div class=\"elementor-widget-wrap elementor-element-populated\">\n\t\t\t\t\t\t<div class=\"elementor-element elementor-element-2e306de1 elementor-hidden-tablet elementor-widget elementor-widget-spacer\" data-id=\"2e306de1\" data-element_type=\"widget\" data-e-type=\"widget\" data-widget_type=\"spacer.default\">\n\t\t\t\t<div class=\"elementor-widget-container\">\n\t\t\t\t\t\t\t<div class=\"elementor-spacer\">\n\t\t\t<div class=\"elementor-spacer-inner\"><\/div>\n\t\t<\/div>\n\t\t\t\t\t\t<\/div>\n\t\t\t\t<\/div>\n\t\t\t\t<div class=\"elementor-element elementor-element-11c86f1 elementor-widget elementor-widget-text-editor\" data-id=\"11c86f1\" data-element_type=\"widget\" data-e-type=\"widget\" data-widget_type=\"text-editor.default\">\n\t\t\t\t<div class=\"elementor-widget-container\">\n\t\t\t\t\t\t\t\t\t<p>En el bar del hotel, los sof\u00e1s revestidos de terciopelo lavable son un testimonio de la preocupaci\u00f3n por la comodidad y la durabilidad. Esta elecci\u00f3n de tejido no solo proporciona una sensaci\u00f3n de lujo, sino que tambi\u00e9n asegura que los hu\u00e9spedes puedan disfrutar de su estad\u00eda con la m\u00e1xima comodidad y facilidad de mantenimiento.<\/p><p>La atenci\u00f3n al detalle se extiende incluso a la barra del bar, que fue tapizada con gallones para crear un aspecto \u00fanico y sofisticado. Los textiles de alta calidad, con un tacto suave y abundante pelo, como los borreguitos, se eligieron cuidadosamente para que se integren perfectamente en el entorno monta\u00f1oso donde se encuentra el hotel. Estos elementos no solo a\u00f1aden calidez y textura, sino que tambi\u00e9n aportan un toque de lujo a la experiencia del hu\u00e9sped.<\/p><p>La elecci\u00f3n de la alfombra de la empresa Cotlin complementa a la perfecci\u00f3n todo el dise\u00f1o de interiores, unificando los espacios y a\u00f1adiendo una capa adicional de comodidad y calidez.<\/p><p>En resumen, <a href=\"https:\/\/evamartinezinteriordesign.com\/#eva\">Eva Mart\u00ednez<\/a> y Marcasal han resultado en una renovaci\u00f3n espectacular del Hotel Serras Torre del Remei. Cada elemento de dise\u00f1o, desde la tapicer\u00eda de alta calidad hasta las cortinas meticulosamente dise\u00f1adas y la elecci\u00f3n de textiles, ha transformado este hotel en un oasis de elegancia y comodidad en medio de la Cerdanya. Un verdadero testimonio de la importancia del dise\u00f1o de interiores en la creaci\u00f3n de experiencias memorables para los hu\u00e9spedes.<\/p>\t\t\t\t\t\t\t\t<\/div>\n\t\t\t\t<\/div>\n\t\t\t\t\t<\/div>\n\t\t<\/div>\n\t\t\t\t\t<\/div>\n\t\t<\/section>\n\t\t\t\t<section class=\"elementor-section elementor-top-section elementor-element elementor-element-cc57da5 elementor-section-boxed elementor-section-height-default elementor-section-height-default\" data-id=\"cc57da5\" data-element_type=\"section\" data-e-type=\"section\">\n\t\t\t\t\t\t<div class=\"elementor-container elementor-column-gap-default\">\n\t\t\t\t\t<div class=\"elementor-column elementor-col-50 elementor-top-column elementor-element elementor-element-32402e4\" data-id=\"32402e4\" data-element_type=\"column\" data-e-type=\"column\">\n\t\t\t<div class=\"elementor-widget-wrap elementor-element-populated\">\n\t\t\t\t\t\t<div class=\"elementor-element elementor-element-00e005f elementor-widget elementor-widget-image\" data-id=\"00e005f\" data-element_type=\"widget\" data-e-type=\"widget\" data-widget_type=\"image.default\">\n\t\t\t\t<div class=\"elementor-widget-container\">\n\t\t\t\t\t\t\t\t\t\t\t\t\t\t\t<img decoding=\"async\" width=\"1280\" height=\"853\" data-src=\"https:\/\/www.marcasal.es\/wp-content\/uploads\/2023\/10\/Marcasal_SerrasTorredelRemei-_Lobby.jpeg\" class=\"attachment-full size-full wp-image-5075 lazyload\" alt=\"\" data-srcset=\"https:\/\/www.marcasal.es\/wp-content\/uploads\/2023\/10\/Marcasal_SerrasTorredelRemei-_Lobby.jpeg 1280w, https:\/\/www.marcasal.es\/wp-content\/uploads\/2023\/10\/Marcasal_SerrasTorredelRemei-_Lobby-300x200.jpeg 300w, https:\/\/www.marcasal.es\/wp-content\/uploads\/2023\/10\/Marcasal_SerrasTorredelRemei-_Lobby-1024x682.jpeg 1024w, https:\/\/www.marcasal.es\/wp-content\/uploads\/2023\/10\/Marcasal_SerrasTorredelRemei-_Lobby-768x512.jpeg 768w, https:\/\/www.marcasal.es\/wp-content\/uploads\/2023\/10\/Marcasal_SerrasTorredelRemei-_Lobby-18x12.jpeg 18w\" data-sizes=\"(max-width: 1280px) 100vw, 1280px\" src=\"data:image\/svg+xml;base64,PHN2ZyB3aWR0aD0iMSIgaGVpZ2h0PSIxIiB4bWxucz0iaHR0cDovL3d3dy53My5vcmcvMjAwMC9zdmciPjwvc3ZnPg==\" style=\"--smush-placeholder-width: 1280px; --smush-placeholder-aspect-ratio: 1280\/853;\" \/>\t\t\t\t\t\t\t\t\t\t\t\t\t\t\t<\/div>\n\t\t\t\t<\/div>\n\t\t\t\t\t<\/div>\n\t\t<\/div>\n\t\t\t\t<div class=\"elementor-column elementor-col-50 elementor-top-column elementor-element elementor-element-d3cc09c\" data-id=\"d3cc09c\" data-element_type=\"column\" data-e-type=\"column\">\n\t\t\t<div class=\"elementor-widget-wrap elementor-element-populated\">\n\t\t\t\t\t\t<div class=\"elementor-element elementor-element-df74f61 elementor-widget elementor-widget-image\" data-id=\"df74f61\" data-element_type=\"widget\" data-e-type=\"widget\" data-widget_type=\"image.default\">\n\t\t\t\t<div class=\"elementor-widget-container\">\n\t\t\t\t\t\t\t\t\t\t\t\t\t\t\t<img decoding=\"async\" width=\"1280\" height=\"853\" data-src=\"https:\/\/www.marcasal.es\/wp-content\/uploads\/2023\/10\/Marcasal_Serrastorre_Remei_sofa.jpeg\" class=\"attachment-full size-full wp-image-5074 lazyload\" alt=\"\" data-srcset=\"https:\/\/www.marcasal.es\/wp-content\/uploads\/2023\/10\/Marcasal_Serrastorre_Remei_sofa.jpeg 1280w, https:\/\/www.marcasal.es\/wp-content\/uploads\/2023\/10\/Marcasal_Serrastorre_Remei_sofa-300x200.jpeg 300w, https:\/\/www.marcasal.es\/wp-content\/uploads\/2023\/10\/Marcasal_Serrastorre_Remei_sofa-1024x682.jpeg 1024w, https:\/\/www.marcasal.es\/wp-content\/uploads\/2023\/10\/Marcasal_Serrastorre_Remei_sofa-768x512.jpeg 768w, https:\/\/www.marcasal.es\/wp-content\/uploads\/2023\/10\/Marcasal_Serrastorre_Remei_sofa-18x12.jpeg 18w\" data-sizes=\"(max-width: 1280px) 100vw, 1280px\" src=\"data:image\/svg+xml;base64,PHN2ZyB3aWR0aD0iMSIgaGVpZ2h0PSIxIiB4bWxucz0iaHR0cDovL3d3dy53My5vcmcvMjAwMC9zdmciPjwvc3ZnPg==\" style=\"--smush-placeholder-width: 1280px; --smush-placeholder-aspect-ratio: 1280\/853;\" \/>\t\t\t\t\t\t\t\t\t\t\t\t\t\t\t<\/div>\n\t\t\t\t<\/div>\n\t\t\t\t\t<\/div>\n\t\t<\/div>\n\t\t\t\t\t<\/div>\n\t\t<\/section>\n\t\t\t\t<section class=\"elementor-section elementor-top-section elementor-element elementor-element-3e9d6a9c elementor-section-boxed elementor-section-height-default elementor-section-height-default\" data-id=\"3e9d6a9c\" data-element_type=\"section\" data-e-type=\"section\">\n\t\t\t\t\t\t<div class=\"elementor-container elementor-column-gap-default\">\n\t\t\t\t\t<div class=\"elementor-column elementor-col-100 elementor-top-column elementor-element elementor-element-63e8ed3d\" data-id=\"63e8ed3d\" data-element_type=\"column\" data-e-type=\"column\">\n\t\t\t<div class=\"elementor-widget-wrap elementor-element-populated\">\n\t\t\t\t\t\t<div class=\"elementor-element elementor-element-1616b7b8 elementor-align-left elementor-widget elementor-widget-button\" data-id=\"1616b7b8\" data-element_type=\"widget\" data-e-type=\"widget\" data-widget_type=\"button.default\">\n\t\t\t\t<div class=\"elementor-widget-container\">\n\t\t\t\t\t\t\t\t\t<div class=\"elementor-button-wrapper\">\n\t\t\t\t\t<a class=\"elementor-button elementor-button-link elementor-size-xs\" href=\"https:\/\/www.marcasal.es\/en\/proyectos\/\">\n\t\t\t\t\t\t<span class=\"elementor-button-content-wrapper\">\n\t\t\t\t\t\t<span class=\"elementor-button-icon\">\n\t\t\t\t<i aria-hidden=\"true\" class=\"fas fa-angle-left\"><\/i>\t\t\t<\/span>\n\t\t\t\t\t\t\t\t\t<span class=\"elementor-button-text\">Back to projects<\/span>\n\t\t\t\t\t<\/span>\n\t\t\t\t\t<\/a>\n\t\t\t\t<\/div>\n\t\t\t\t\t\t\t\t<\/div>\n\t\t\t\t<\/div>\n\t\t\t\t\t<\/div>\n\t\t<\/div>\n\t\t\t\t\t<\/div>\n\t\t<\/section>\n\t\t\t\t<section class=\"elementor-section elementor-top-section elementor-element elementor-element-c9f1c65 elementor-section-boxed elementor-section-height-default elementor-section-height-default\" data-id=\"c9f1c65\" data-element_type=\"section\" data-e-type=\"section\">\n\t\t\t\t\t\t<div class=\"elementor-container elementor-column-gap-default\">\n\t\t\t\t\t<div class=\"elementor-column elementor-col-100 elementor-top-column elementor-element elementor-element-561a49ea\" data-id=\"561a49ea\" data-element_type=\"column\" data-e-type=\"column\">\n\t\t\t<div class=\"elementor-widget-wrap elementor-element-populated\">\n\t\t\t\t\t\t<div class=\"elementor-element elementor-element-3d66b710 elementor-hidden-tablet elementor-hidden-mobile elementor-widget elementor-widget-spacer\" data-id=\"3d66b710\" data-element_type=\"widget\" data-e-type=\"widget\" data-widget_type=\"spacer.default\">\n\t\t\t\t<div class=\"elementor-widget-container\">\n\t\t\t\t\t\t\t<div class=\"elementor-spacer\">\n\t\t\t<div class=\"elementor-spacer-inner\"><\/div>\n\t\t<\/div>\n\t\t\t\t\t\t<\/div>\n\t\t\t\t<\/div>\n\t\t\t\t\t<\/div>\n\t\t<\/div>\n\t\t\t\t\t<\/div>\n\t\t<\/section>\n\t\t\t\t<section class=\"elementor-section elementor-top-section elementor-element elementor-element-4b3f3053 elementor-section-boxed elementor-section-height-default elementor-section-height-default\" data-id=\"4b3f3053\" data-element_type=\"section\" data-e-type=\"section\">\n\t\t\t\t\t\t<div class=\"elementor-container elementor-column-gap-default\">\n\t\t\t\t\t<div class=\"elementor-column elementor-col-100 elementor-top-column elementor-element elementor-element-63043928\" data-id=\"63043928\" data-element_type=\"column\" data-e-type=\"column\">\n\t\t\t<div class=\"elementor-widget-wrap elementor-element-populated\">\n\t\t\t\t\t\t<div class=\"elementor-element elementor-element-2d78f5c9 elementor-widget-divider--view-line elementor-widget elementor-widget-divider\" data-id=\"2d78f5c9\" data-element_type=\"widget\" data-e-type=\"widget\" data-widget_type=\"divider.default\">\n\t\t\t\t<div class=\"elementor-widget-container\">\n\t\t\t\t\t\t\t<div class=\"elementor-divider\">\n\t\t\t<span class=\"elementor-divider-separator\">\n\t\t\t\t\t\t<\/span>\n\t\t<\/div>\n\t\t\t\t\t\t<\/div>\n\t\t\t\t<\/div>\n\t\t\t\t\t<\/div>\n\t\t<\/div>\n\t\t\t\t\t<\/div>\n\t\t<\/section>\n\t\t\t\t<section class=\"elementor-section elementor-top-section elementor-element elementor-element-3c13bddf elementor-section-boxed elementor-section-height-default elementor-section-height-default\" data-id=\"3c13bddf\" data-element_type=\"section\" data-e-type=\"section\" data-settings=\"{&quot;background_background&quot;:&quot;classic&quot;}\">\n\t\t\t\t\t\t<div class=\"elementor-container elementor-column-gap-default\">\n\t\t\t\t\t<div class=\"elementor-column elementor-col-50 elementor-top-column elementor-element elementor-element-54d59473\" data-id=\"54d59473\" data-element_type=\"column\" data-e-type=\"column\" data-settings=\"{&quot;background_background&quot;:&quot;classic&quot;}\">\n\t\t\t<div class=\"elementor-widget-wrap elementor-element-populated\">\n\t\t\t\t\t\t<div class=\"elementor-element elementor-element-68aa3f89 elementor-widget elementor-widget-text-editor\" data-id=\"68aa3f89\" data-element_type=\"widget\" data-e-type=\"widget\" data-widget_type=\"text-editor.default\">\n\t\t\t\t<div class=\"elementor-widget-container\">\n\t\t\t\t\t\t\t\t\t<h5>Do you need advice or budget?<\/h5>\t\t\t\t\t\t\t\t<\/div>\n\t\t\t\t<\/div>\n\t\t\t\t<div class=\"elementor-element elementor-element-68af6984 elementor-widget elementor-widget-text-editor\" data-id=\"68af6984\" data-element_type=\"widget\" data-e-type=\"widget\" data-widget_type=\"text-editor.default\">\n\t\t\t\t<div class=\"elementor-widget-container\">\n\t\t\t\t\t\t\t\t\t<p>Ask us for a budget without commitment<\/p>\t\t\t\t\t\t\t\t<\/div>\n\t\t\t\t<\/div>\n\t\t\t\t<div class=\"elementor-element elementor-element-416c9e52 elementor-widget elementor-widget-text-editor\" data-id=\"416c9e52\" data-element_type=\"widget\" data-e-type=\"widget\" data-widget_type=\"text-editor.default\">\n\t\t\t\t<div class=\"elementor-widget-container\">\n\t\t\t\t\t\t\t\t\t<p>Our technical department will advise you on the solutions for your next project.\u00a0<\/p>\t\t\t\t\t\t\t\t<\/div>\n\t\t\t\t<\/div>\n\t\t\t\t<div class=\"elementor-element elementor-element-5e62f50a elementor-align-left elementor-widget elementor-widget-button\" data-id=\"5e62f50a\" data-element_type=\"widget\" data-e-type=\"widget\" data-widget_type=\"button.default\">\n\t\t\t\t<div class=\"elementor-widget-container\">\n\t\t\t\t\t\t\t\t\t<div class=\"elementor-button-wrapper\">\n\t\t\t\t\t<a class=\"elementor-button elementor-button-link elementor-size-xs elementor-animation-grow\" href=\"#\">\n\t\t\t\t\t\t<span class=\"elementor-button-content-wrapper\">\n\t\t\t\t\t\t<span class=\"elementor-button-icon\">\n\t\t\t\t<i aria-hidden=\"true\" class=\"fas fa-phone-alt\"><\/i>\t\t\t<\/span>\n\t\t\t\t\t\t\t\t\t<span class=\"elementor-button-text\">Contact us<\/span>\n\t\t\t\t\t<\/span>\n\t\t\t\t\t<\/a>\n\t\t\t\t<\/div>\n\t\t\t\t\t\t\t\t<\/div>\n\t\t\t\t<\/div>\n\t\t\t\t\t<\/div>\n\t\t<\/div>\n\t\t\t\t<div class=\"elementor-column elementor-col-50 elementor-top-column elementor-element elementor-element-788c4675\" data-id=\"788c4675\" data-element_type=\"column\" data-e-type=\"column\">\n\t\t\t<div class=\"elementor-widget-wrap elementor-element-populated\">\n\t\t\t\t\t\t<div class=\"elementor-element elementor-element-246d7e7a elementor-widget__width-inherit elementor-widget elementor-widget-image\" data-id=\"246d7e7a\" data-element_type=\"widget\" data-e-type=\"widget\" data-widget_type=\"image.default\">\n\t\t\t\t<div class=\"elementor-widget-container\">\n\t\t\t\t\t\t\t\t\t\t\t\t\t\t\t<img decoding=\"async\" width=\"391\" height=\"166\" data-src=\"https:\/\/www.marcasal.es\/wp-content\/uploads\/2023\/02\/La_Show_Marcasal.png\" class=\"elementor-animation-grow attachment-full size-full wp-image-3917 lazyload\" alt=\"\" data-srcset=\"https:\/\/www.marcasal.es\/wp-content\/uploads\/2023\/02\/La_Show_Marcasal.png 391w, https:\/\/www.marcasal.es\/wp-content\/uploads\/2023\/02\/La_Show_Marcasal-300x127.png 300w, https:\/\/www.marcasal.es\/wp-content\/uploads\/2023\/02\/La_Show_Marcasal-18x8.png 18w\" data-sizes=\"(max-width: 391px) 100vw, 391px\" src=\"data:image\/svg+xml;base64,PHN2ZyB3aWR0aD0iMSIgaGVpZ2h0PSIxIiB4bWxucz0iaHR0cDovL3d3dy53My5vcmcvMjAwMC9zdmciPjwvc3ZnPg==\" style=\"--smush-placeholder-width: 391px; --smush-placeholder-aspect-ratio: 391\/166;\" \/>\t\t\t\t\t\t\t\t\t\t\t\t\t\t\t<\/div>\n\t\t\t\t<\/div>\n\t\t\t\t\t<\/div>\n\t\t<\/div>\n\t\t\t\t\t<\/div>\n\t\t<\/section>\n\t\t\t\t<section class=\"elementor-section elementor-top-section elementor-element elementor-element-72e8b87f elementor-section-boxed elementor-section-height-default elementor-section-height-default\" data-id=\"72e8b87f\" data-element_type=\"section\" data-e-type=\"section\" data-settings=\"{&quot;background_background&quot;:&quot;classic&quot;}\">\n\t\t\t\t\t\t<div class=\"elementor-container elementor-column-gap-default\">\n\t\t\t\t\t<div class=\"elementor-column elementor-col-20 elementor-top-column elementor-element elementor-element-d489237\" data-id=\"d489237\" data-element_type=\"column\" data-e-type=\"column\">\n\t\t\t<div class=\"elementor-widget-wrap elementor-element-populated\">\n\t\t\t\t\t\t<div class=\"elementor-element elementor-element-147d0f59 elementor-widget elementor-widget-text-editor\" data-id=\"147d0f59\" data-element_type=\"widget\" data-e-type=\"widget\" data-widget_type=\"text-editor.default\">\n\t\t\t\t<div class=\"elementor-widget-container\">\n\t\t\t\t\t\t\t\t\t<h5>Marcasal<\/h5>\t\t\t\t\t\t\t\t<\/div>\n\t\t\t\t<\/div>\n\t\t\t\t<div class=\"elementor-element elementor-element-76236b1c elementor-widget elementor-widget-text-editor\" data-id=\"76236b1c\" data-element_type=\"widget\" data-e-type=\"widget\" data-widget_type=\"text-editor.default\">\n\t\t\t\t<div class=\"elementor-widget-container\">\n\t\t\t\t\t\t\t\t\t<p>Textile studio-workshop<\/p>\t\t\t\t\t\t\t\t<\/div>\n\t\t\t\t<\/div>\n\t\t\t\t\t<\/div>\n\t\t<\/div>\n\t\t\t\t<div class=\"elementor-column elementor-col-20 elementor-top-column elementor-element elementor-element-1403db19\" data-id=\"1403db19\" data-element_type=\"column\" data-e-type=\"column\">\n\t\t\t<div class=\"elementor-widget-wrap elementor-element-populated\">\n\t\t\t\t\t\t<div class=\"elementor-element elementor-element-4a33afaa elementor-widget elementor-widget-text-editor\" data-id=\"4a33afaa\" data-element_type=\"widget\" data-e-type=\"widget\" data-widget_type=\"text-editor.default\">\n\t\t\t\t<div class=\"elementor-widget-container\">\n\t\t\t\t\t\t\t\t\t<h5>Business hours<\/h5>\t\t\t\t\t\t\t\t<\/div>\n\t\t\t\t<\/div>\n\t\t\t\t<div class=\"elementor-element elementor-element-45769c7a elementor-widget elementor-widget-text-editor\" data-id=\"45769c7a\" data-element_type=\"widget\" data-e-type=\"widget\" data-widget_type=\"text-editor.default\">\n\t\t\t\t<div class=\"elementor-widget-container\">\n\t\t\t\t\t\t\t\t\t<p>From Monday to Friday<br \/>9:00 a 14:00h\u00a0<br \/>16:00h a 18:00h<\/p>\t\t\t\t\t\t\t\t<\/div>\n\t\t\t\t<\/div>\n\t\t\t\t\t<\/div>\n\t\t<\/div>\n\t\t\t\t<div class=\"elementor-column elementor-col-20 elementor-top-column elementor-element elementor-element-20bfd21a\" data-id=\"20bfd21a\" data-element_type=\"column\" data-e-type=\"column\">\n\t\t\t<div class=\"elementor-widget-wrap elementor-element-populated\">\n\t\t\t\t\t\t<div class=\"elementor-element elementor-element-7285c5ef elementor-widget elementor-widget-text-editor\" data-id=\"7285c5ef\" data-element_type=\"widget\" data-e-type=\"widget\" data-widget_type=\"text-editor.default\">\n\t\t\t\t<div class=\"elementor-widget-container\">\n\t\t\t\t\t\t\t\t\t<h5>Phone and email<\/h5>\t\t\t\t\t\t\t\t<\/div>\n\t\t\t\t<\/div>\n\t\t\t\t<div class=\"elementor-element elementor-element-2e287674 elementor-widget elementor-widget-text-editor\" data-id=\"2e287674\" data-element_type=\"widget\" data-e-type=\"widget\" data-widget_type=\"text-editor.default\">\n\t\t\t\t<div class=\"elementor-widget-container\">\n\t\t\t\t\t\t\t\t\t<p><a href=\"tel:933621732\">T +34 933 621 732<\/a><br \/><a href=\"tel:934484955\">F +34 934 484 955<\/a><br \/><a href=\"mailto:marcasal@marcasal.es?subject=Solicitud%20de%20informaci%C3%B3n\">marcasal@marcasal.es<\/a><\/p>\t\t\t\t\t\t\t\t<\/div>\n\t\t\t\t<\/div>\n\t\t\t\t\t<\/div>\n\t\t<\/div>\n\t\t\t\t<div class=\"elementor-column elementor-col-20 elementor-top-column elementor-element elementor-element-2e95f1a3\" data-id=\"2e95f1a3\" data-element_type=\"column\" data-e-type=\"column\">\n\t\t\t<div class=\"elementor-widget-wrap elementor-element-populated\">\n\t\t\t\t\t\t<div class=\"elementor-element elementor-element-1250d759 elementor-widget elementor-widget-text-editor\" data-id=\"1250d759\" data-element_type=\"widget\" data-e-type=\"widget\" data-widget_type=\"text-editor.default\">\n\t\t\t\t<div class=\"elementor-widget-container\">\n\t\t\t\t\t\t\t\t\t<h5>Address<\/h5>\t\t\t\t\t\t\t\t<\/div>\n\t\t\t\t<\/div>\n\t\t\t\t<div class=\"elementor-element elementor-element-37730950 elementor-widget elementor-widget-text-editor\" data-id=\"37730950\" data-element_type=\"widget\" data-e-type=\"widget\" data-widget_type=\"text-editor.default\">\n\t\t\t\t<div class=\"elementor-widget-container\">\n\t\t\t\t\t\t\t\t\t<p>Passeig dels Ferrocarrils Catalans, 260<br \/>08940 Cornell\u00e0 de Llobregat, Barcelona, Espa\u00f1a<\/p>\t\t\t\t\t\t\t\t<\/div>\n\t\t\t\t<\/div>\n\t\t\t\t\t<\/div>\n\t\t<\/div>\n\t\t\t\t<div class=\"elementor-column elementor-col-20 elementor-top-column elementor-element elementor-element-35b8df95\" data-id=\"35b8df95\" data-element_type=\"column\" data-e-type=\"column\">\n\t\t\t<div class=\"elementor-widget-wrap elementor-element-populated\">\n\t\t\t\t\t\t<div class=\"elementor-element elementor-element-8d9c17f elementor-shape-circle elementor-grid-0 e-grid-align-center elementor-widget elementor-widget-social-icons\" data-id=\"8d9c17f\" data-element_type=\"widget\" data-e-type=\"widget\" data-widget_type=\"social-icons.default\">\n\t\t\t\t<div class=\"elementor-widget-container\">\n\t\t\t\t\t\t\t<div class=\"elementor-social-icons-wrapper elementor-grid\" role=\"list\">\n\t\t\t\t\t\t\t<span class=\"elementor-grid-item\" role=\"listitem\">\n\t\t\t\t\t<a class=\"elementor-icon elementor-social-icon elementor-social-icon-instagram elementor-repeater-item-a5e0280\" href=\"https:\/\/www.instagram.com\/marcasal_news\/?hl=es\" target=\"_blank\">\n\t\t\t\t\t\t<span class=\"elementor-screen-only\">Instagram<\/span>\n\t\t\t\t\t\t<i aria-hidden=\"true\" class=\"fab fa-instagram\"><\/i>\t\t\t\t\t<\/a>\n\t\t\t\t<\/span>\n\t\t\t\t\t\t\t<span class=\"elementor-grid-item\" role=\"listitem\">\n\t\t\t\t\t<a class=\"elementor-icon elementor-social-icon elementor-social-icon-pinterest-p elementor-repeater-item-3d9fac8\" href=\"https:\/\/www.pinterest.es\/newsmarcasal\/\" target=\"_blank\">\n\t\t\t\t\t\t<span class=\"elementor-screen-only\">Pinterest-p<\/span>\n\t\t\t\t\t\t<i aria-hidden=\"true\" class=\"fab fa-pinterest-p\"><\/i>\t\t\t\t\t<\/a>\n\t\t\t\t<\/span>\n\t\t\t\t\t\t\t<span class=\"elementor-grid-item\" role=\"listitem\">\n\t\t\t\t\t<a class=\"elementor-icon elementor-social-icon elementor-social-icon-facebook-f elementor-repeater-item-885696e\" href=\"https:\/\/www.facebook.com\/people\/Marcasal\/100069785327393\/\" target=\"_blank\">\n\t\t\t\t\t\t<span class=\"elementor-screen-only\">Facebook-f<\/span>\n\t\t\t\t\t\t<i aria-hidden=\"true\" class=\"fab fa-facebook-f\"><\/i>\t\t\t\t\t<\/a>\n\t\t\t\t<\/span>\n\t\t\t\t\t\t\t<span class=\"elementor-grid-item\" role=\"listitem\">\n\t\t\t\t\t<a class=\"elementor-icon elementor-social-icon elementor-social-icon-linkedin-in elementor-repeater-item-16e2e52\" href=\"https:\/\/es.linkedin.com\/company\/marcasal---taller-estudio-textil\" target=\"_blank\">\n\t\t\t\t\t\t<span class=\"elementor-screen-only\">Linkedin-in<\/span>\n\t\t\t\t\t\t<i aria-hidden=\"true\" class=\"fab fa-linkedin-in\"><\/i>\t\t\t\t\t<\/a>\n\t\t\t\t<\/span>\n\t\t\t\t\t\t\t<span class=\"elementor-grid-item\" role=\"listitem\">\n\t\t\t\t\t<a class=\"elementor-icon elementor-social-icon elementor-social-icon-twitter elementor-repeater-item-2b14bce\" href=\"https:\/\/twitter.com\/NewsMarcasal\" target=\"_blank\">\n\t\t\t\t\t\t<span class=\"elementor-screen-only\">Twitter<\/span>\n\t\t\t\t\t\t<i aria-hidden=\"true\" class=\"fab fa-twitter\"><\/i>\t\t\t\t\t<\/a>\n\t\t\t\t<\/span>\n\t\t\t\t\t<\/div>\n\t\t\t\t\t\t<\/div>\n\t\t\t\t<\/div>\n\t\t\t\t\t<\/div>\n\t\t<\/div>\n\t\t\t\t\t<\/div>\n\t\t<\/section>\n\t\t\t\t<\/div>","protected":false},"excerpt":{"rendered":"<p>Hotel La Torre del Remei A\u00d1O 2023 PROYECTO Torre del Remei Girona, Espa\u00f1a AUTORES Eva Mart\u00ednez AREA DE ACTUACI\u00d3N Habitaciones y \u00e1reas comunes Fotograf\u00edas Serras Collection El Hotel Serras Torre del Remei,de la cadena Serras Colletion, situado en un pueblo de la Cerdanya, ha experimentado una transformaci\u00f3n excepcional en su dise\u00f1o de interiores, gracias a [&hellip;]<\/p>\n","protected":false},"author":1,"featured_media":4964,"comment_status":"closed","ping_status":"open","sticky":false,"template":"","format":"standard","meta":{"footnotes":""},"categories":[10],"tags":[],"class_list":["post-4912","post","type-post","status-publish","format-standard","has-post-thumbnail","hentry","category-hoteles"],"yoast_head":"<!-- This site is optimized with the Yoast SEO plugin v27.4 - https:\/\/yoast.com\/product\/yoast-seo-wordpress\/ -->\n<title>Hotel La Torre del Remei - Marcasal<\/title>\n<meta name=\"robots\" content=\"index, follow, max-snippet:-1, max-image-preview:large, max-video-preview:-1\" \/>\n<link rel=\"canonical\" href=\"https:\/\/www.marcasal.es\/en\/hotel-la-torre-del-remei\/\" \/>\n<meta property=\"og:locale\" content=\"en_GB\" \/>\n<meta property=\"og:type\" content=\"article\" \/>\n<meta property=\"og:title\" content=\"Hotel La Torre del Remei - Marcasal\" \/>\n<meta property=\"og:description\" content=\"Hotel La Torre del Remei A\u00d1O 2023 PROYECTO Torre del Remei Girona, Espa\u00f1a AUTORES Eva Mart\u00ednez AREA DE ACTUACI\u00d3N Habitaciones y \u00e1reas comunes Fotograf\u00edas Serras Collection El Hotel Serras Torre del Remei,de la cadena Serras Colletion, situado en un pueblo de la Cerdanya, ha experimentado una transformaci\u00f3n excepcional en su dise\u00f1o de interiores, gracias a [&hellip;]\" \/>\n<meta property=\"og:url\" content=\"https:\/\/www.marcasal.es\/en\/hotel-la-torre-del-remei\/\" \/>\n<meta property=\"og:site_name\" content=\"Marcasal\" \/>\n<meta property=\"article:publisher\" content=\"https:\/\/www.facebook.com\/people\/Marcasal\/\" \/>\n<meta property=\"article:published_time\" content=\"2023-10-17T09:15:29+00:00\" \/>\n<meta property=\"article:modified_time\" content=\"2023-10-17T09:40:46+00:00\" \/>\n<meta property=\"og:image\" content=\"https:\/\/www.marcasal.es\/wp-content\/uploads\/2023\/09\/Marcasal_Torre-de-remei-e1697535640274.jpeg\" \/>\n\t<meta property=\"og:image:width\" content=\"1262\" \/>\n\t<meta property=\"og:image:height\" content=\"830\" \/>\n\t<meta property=\"og:image:type\" content=\"image\/jpeg\" \/>\n<meta name=\"author\" content=\"Mar Casal\" \/>\n<meta name=\"twitter:card\" content=\"summary_large_image\" \/>\n<meta name=\"twitter:creator\" content=\"@NewsMarcasal\" \/>\n<meta name=\"twitter:site\" content=\"@NewsMarcasal\" \/>\n<meta name=\"twitter:label1\" content=\"Written by\" \/>\n\t<meta name=\"twitter:data1\" content=\"Mar Casal\" \/>\n\t<meta name=\"twitter:label2\" content=\"Estimated reading time\" \/>\n\t<meta name=\"twitter:data2\" content=\"5 minutes\" \/>\n<script type=\"application\/ld+json\" class=\"yoast-schema-graph\">{\"@context\":\"https:\\\/\\\/schema.org\",\"@graph\":[{\"@type\":\"Article\",\"@id\":\"https:\\\/\\\/www.marcasal.es\\\/hotel-la-torre-del-remei\\\/#article\",\"isPartOf\":{\"@id\":\"https:\\\/\\\/www.marcasal.es\\\/hotel-la-torre-del-remei\\\/\"},\"author\":{\"name\":\"Mar Casal\",\"@id\":\"https:\\\/\\\/www.marcasal.es\\\/en\\\/#\\\/schema\\\/person\\\/4a6ab5f4a1b37b9862d4f9d11b34795c\"},\"headline\":\"Hotel La Torre del Remei\",\"datePublished\":\"2023-10-17T09:15:29+00:00\",\"dateModified\":\"2023-10-17T09:40:46+00:00\",\"mainEntityOfPage\":{\"@id\":\"https:\\\/\\\/www.marcasal.es\\\/hotel-la-torre-del-remei\\\/\"},\"wordCount\":636,\"publisher\":{\"@id\":\"https:\\\/\\\/www.marcasal.es\\\/en\\\/#organization\"},\"image\":{\"@id\":\"https:\\\/\\\/www.marcasal.es\\\/hotel-la-torre-del-remei\\\/#primaryimage\"},\"thumbnailUrl\":\"https:\\\/\\\/www.marcasal.es\\\/wp-content\\\/uploads\\\/2023\\\/09\\\/Marcasal_Torre-de-remei-e1697535640274.jpeg\",\"articleSection\":[\"Hoteles\"],\"inLanguage\":\"en-GB\"},{\"@type\":\"WebPage\",\"@id\":\"https:\\\/\\\/www.marcasal.es\\\/hotel-la-torre-del-remei\\\/\",\"url\":\"https:\\\/\\\/www.marcasal.es\\\/hotel-la-torre-del-remei\\\/\",\"name\":\"Hotel La Torre del Remei - Marcasal\",\"isPartOf\":{\"@id\":\"https:\\\/\\\/www.marcasal.es\\\/en\\\/#website\"},\"primaryImageOfPage\":{\"@id\":\"https:\\\/\\\/www.marcasal.es\\\/hotel-la-torre-del-remei\\\/#primaryimage\"},\"image\":{\"@id\":\"https:\\\/\\\/www.marcasal.es\\\/hotel-la-torre-del-remei\\\/#primaryimage\"},\"thumbnailUrl\":\"https:\\\/\\\/www.marcasal.es\\\/wp-content\\\/uploads\\\/2023\\\/09\\\/Marcasal_Torre-de-remei-e1697535640274.jpeg\",\"datePublished\":\"2023-10-17T09:15:29+00:00\",\"dateModified\":\"2023-10-17T09:40:46+00:00\",\"breadcrumb\":{\"@id\":\"https:\\\/\\\/www.marcasal.es\\\/hotel-la-torre-del-remei\\\/#breadcrumb\"},\"inLanguage\":\"en-GB\",\"potentialAction\":[{\"@type\":\"ReadAction\",\"target\":[\"https:\\\/\\\/www.marcasal.es\\\/hotel-la-torre-del-remei\\\/\"]}]},{\"@type\":\"ImageObject\",\"inLanguage\":\"en-GB\",\"@id\":\"https:\\\/\\\/www.marcasal.es\\\/hotel-la-torre-del-remei\\\/#primaryimage\",\"url\":\"https:\\\/\\\/www.marcasal.es\\\/wp-content\\\/uploads\\\/2023\\\/09\\\/Marcasal_Torre-de-remei-e1697535640274.jpeg\",\"contentUrl\":\"https:\\\/\\\/www.marcasal.es\\\/wp-content\\\/uploads\\\/2023\\\/09\\\/Marcasal_Torre-de-remei-e1697535640274.jpeg\",\"width\":1262,\"height\":830},{\"@type\":\"BreadcrumbList\",\"@id\":\"https:\\\/\\\/www.marcasal.es\\\/hotel-la-torre-del-remei\\\/#breadcrumb\",\"itemListElement\":[{\"@type\":\"ListItem\",\"position\":1,\"name\":\"Portada\",\"item\":\"https:\\\/\\\/www.marcasal.es\\\/\"},{\"@type\":\"ListItem\",\"position\":2,\"name\":\"Hotel La Torre del Remei\"}]},{\"@type\":\"WebSite\",\"@id\":\"https:\\\/\\\/www.marcasal.es\\\/en\\\/#website\",\"url\":\"https:\\\/\\\/www.marcasal.es\\\/en\\\/\",\"name\":\"Marcasal\",\"description\":\"Taller Estudio Textil\",\"publisher\":{\"@id\":\"https:\\\/\\\/www.marcasal.es\\\/en\\\/#organization\"},\"alternateName\":\"Taller Estudio de soluciones textiles\",\"potentialAction\":[{\"@type\":\"SearchAction\",\"target\":{\"@type\":\"EntryPoint\",\"urlTemplate\":\"https:\\\/\\\/www.marcasal.es\\\/en\\\/?s={search_term_string}\"},\"query-input\":{\"@type\":\"PropertyValueSpecification\",\"valueRequired\":true,\"valueName\":\"search_term_string\"}}],\"inLanguage\":\"en-GB\"},{\"@type\":\"Organization\",\"@id\":\"https:\\\/\\\/www.marcasal.es\\\/en\\\/#organization\",\"name\":\"Marcasal\",\"alternateName\":\"Taller Estudio de soluciones textiles\",\"url\":\"https:\\\/\\\/www.marcasal.es\\\/en\\\/\",\"logo\":{\"@type\":\"ImageObject\",\"inLanguage\":\"en-GB\",\"@id\":\"https:\\\/\\\/www.marcasal.es\\\/en\\\/#\\\/schema\\\/logo\\\/image\\\/\",\"url\":\"https:\\\/\\\/www.marcasal.es\\\/wp-content\\\/uploads\\\/2022\\\/10\\\/cropped-Marcasal_logo-1.png\",\"contentUrl\":\"https:\\\/\\\/www.marcasal.es\\\/wp-content\\\/uploads\\\/2022\\\/10\\\/cropped-Marcasal_logo-1.png\",\"width\":208,\"height\":208,\"caption\":\"Marcasal\"},\"image\":{\"@id\":\"https:\\\/\\\/www.marcasal.es\\\/en\\\/#\\\/schema\\\/logo\\\/image\\\/\"},\"sameAs\":[\"https:\\\/\\\/www.facebook.com\\\/people\\\/Marcasal\\\/\",\"https:\\\/\\\/x.com\\\/NewsMarcasal\",\"https:\\\/\\\/www.instagram.com\\\/marcasal_news\\\/\"]},{\"@type\":\"Person\",\"@id\":\"https:\\\/\\\/www.marcasal.es\\\/en\\\/#\\\/schema\\\/person\\\/4a6ab5f4a1b37b9862d4f9d11b34795c\",\"name\":\"Mar Casal\",\"image\":{\"@type\":\"ImageObject\",\"inLanguage\":\"en-GB\",\"@id\":\"https:\\\/\\\/secure.gravatar.com\\\/avatar\\\/0c5b5c0acfc6dd97a3d3aa011dc533ecc1b3a7d453722f01b818868896a6b013?s=96&d=mm&r=g\",\"url\":\"https:\\\/\\\/secure.gravatar.com\\\/avatar\\\/0c5b5c0acfc6dd97a3d3aa011dc533ecc1b3a7d453722f01b818868896a6b013?s=96&d=mm&r=g\",\"contentUrl\":\"https:\\\/\\\/secure.gravatar.com\\\/avatar\\\/0c5b5c0acfc6dd97a3d3aa011dc533ecc1b3a7d453722f01b818868896a6b013?s=96&d=mm&r=g\",\"caption\":\"Mar Casal\"},\"url\":\"https:\\\/\\\/www.marcasal.es\\\/en\\\/author\\\/marcadmin\\\/\"}]}<\/script>\n<!-- \/ Yoast SEO plugin. -->","yoast_head_json":{"title":"Hotel La Torre del Remei - Marcasal","robots":{"index":"index","follow":"follow","max-snippet":"max-snippet:-1","max-image-preview":"max-image-preview:large","max-video-preview":"max-video-preview:-1"},"canonical":"https:\/\/www.marcasal.es\/en\/hotel-la-torre-del-remei\/","og_locale":"en_GB","og_type":"article","og_title":"Hotel La Torre del Remei - Marcasal","og_description":"Hotel La Torre del Remei A\u00d1O 2023 PROYECTO Torre del Remei Girona, Espa\u00f1a AUTORES Eva Mart\u00ednez AREA DE ACTUACI\u00d3N Habitaciones y \u00e1reas comunes Fotograf\u00edas Serras Collection El Hotel Serras Torre del Remei,de la cadena Serras Colletion, situado en un pueblo de la Cerdanya, ha experimentado una transformaci\u00f3n excepcional en su dise\u00f1o de interiores, gracias a [&hellip;]","og_url":"https:\/\/www.marcasal.es\/en\/hotel-la-torre-del-remei\/","og_site_name":"Marcasal","article_publisher":"https:\/\/www.facebook.com\/people\/Marcasal\/","article_published_time":"2023-10-17T09:15:29+00:00","article_modified_time":"2023-10-17T09:40:46+00:00","og_image":[{"width":1262,"height":830,"url":"https:\/\/www.marcasal.es\/wp-content\/uploads\/2023\/09\/Marcasal_Torre-de-remei-e1697535640274.jpeg","type":"image\/jpeg"}],"author":"Mar Casal","twitter_card":"summary_large_image","twitter_creator":"@NewsMarcasal","twitter_site":"@NewsMarcasal","twitter_misc":{"Written by":"Mar Casal","Estimated reading time":"5 minutes"},"schema":{"@context":"https:\/\/schema.org","@graph":[{"@type":"Article","@id":"https:\/\/www.marcasal.es\/hotel-la-torre-del-remei\/#article","isPartOf":{"@id":"https:\/\/www.marcasal.es\/hotel-la-torre-del-remei\/"},"author":{"name":"Mar Casal","@id":"https:\/\/www.marcasal.es\/en\/#\/schema\/person\/4a6ab5f4a1b37b9862d4f9d11b34795c"},"headline":"Hotel La Torre del Remei","datePublished":"2023-10-17T09:15:29+00:00","dateModified":"2023-10-17T09:40:46+00:00","mainEntityOfPage":{"@id":"https:\/\/www.marcasal.es\/hotel-la-torre-del-remei\/"},"wordCount":636,"publisher":{"@id":"https:\/\/www.marcasal.es\/en\/#organization"},"image":{"@id":"https:\/\/www.marcasal.es\/hotel-la-torre-del-remei\/#primaryimage"},"thumbnailUrl":"https:\/\/www.marcasal.es\/wp-content\/uploads\/2023\/09\/Marcasal_Torre-de-remei-e1697535640274.jpeg","articleSection":["Hoteles"],"inLanguage":"en-GB"},{"@type":"WebPage","@id":"https:\/\/www.marcasal.es\/hotel-la-torre-del-remei\/","url":"https:\/\/www.marcasal.es\/hotel-la-torre-del-remei\/","name":"Hotel La Torre del Remei - Marcasal","isPartOf":{"@id":"https:\/\/www.marcasal.es\/en\/#website"},"primaryImageOfPage":{"@id":"https:\/\/www.marcasal.es\/hotel-la-torre-del-remei\/#primaryimage"},"image":{"@id":"https:\/\/www.marcasal.es\/hotel-la-torre-del-remei\/#primaryimage"},"thumbnailUrl":"https:\/\/www.marcasal.es\/wp-content\/uploads\/2023\/09\/Marcasal_Torre-de-remei-e1697535640274.jpeg","datePublished":"2023-10-17T09:15:29+00:00","dateModified":"2023-10-17T09:40:46+00:00","breadcrumb":{"@id":"https:\/\/www.marcasal.es\/hotel-la-torre-del-remei\/#breadcrumb"},"inLanguage":"en-GB","potentialAction":[{"@type":"ReadAction","target":["https:\/\/www.marcasal.es\/hotel-la-torre-del-remei\/"]}]},{"@type":"ImageObject","inLanguage":"en-GB","@id":"https:\/\/www.marcasal.es\/hotel-la-torre-del-remei\/#primaryimage","url":"https:\/\/www.marcasal.es\/wp-content\/uploads\/2023\/09\/Marcasal_Torre-de-remei-e1697535640274.jpeg","contentUrl":"https:\/\/www.marcasal.es\/wp-content\/uploads\/2023\/09\/Marcasal_Torre-de-remei-e1697535640274.jpeg","width":1262,"height":830},{"@type":"BreadcrumbList","@id":"https:\/\/www.marcasal.es\/hotel-la-torre-del-remei\/#breadcrumb","itemListElement":[{"@type":"ListItem","position":1,"name":"Portada","item":"https:\/\/www.marcasal.es\/"},{"@type":"ListItem","position":2,"name":"Hotel La Torre del Remei"}]},{"@type":"WebSite","@id":"https:\/\/www.marcasal.es\/en\/#website","url":"https:\/\/www.marcasal.es\/en\/","name":"Marcasal","description":"Taller Estudio Textil","publisher":{"@id":"https:\/\/www.marcasal.es\/en\/#organization"},"alternateName":"Taller Estudio de soluciones textiles","potentialAction":[{"@type":"SearchAction","target":{"@type":"EntryPoint","urlTemplate":"https:\/\/www.marcasal.es\/en\/?s={search_term_string}"},"query-input":{"@type":"PropertyValueSpecification","valueRequired":true,"valueName":"search_term_string"}}],"inLanguage":"en-GB"},{"@type":"Organization","@id":"https:\/\/www.marcasal.es\/en\/#organization","name":"Marcasal","alternateName":"Taller Estudio de soluciones textiles","url":"https:\/\/www.marcasal.es\/en\/","logo":{"@type":"ImageObject","inLanguage":"en-GB","@id":"https:\/\/www.marcasal.es\/en\/#\/schema\/logo\/image\/","url":"https:\/\/www.marcasal.es\/wp-content\/uploads\/2022\/10\/cropped-Marcasal_logo-1.png","contentUrl":"https:\/\/www.marcasal.es\/wp-content\/uploads\/2022\/10\/cropped-Marcasal_logo-1.png","width":208,"height":208,"caption":"Marcasal"},"image":{"@id":"https:\/\/www.marcasal.es\/en\/#\/schema\/logo\/image\/"},"sameAs":["https:\/\/www.facebook.com\/people\/Marcasal\/","https:\/\/x.com\/NewsMarcasal","https:\/\/www.instagram.com\/marcasal_news\/"]},{"@type":"Person","@id":"https:\/\/www.marcasal.es\/en\/#\/schema\/person\/4a6ab5f4a1b37b9862d4f9d11b34795c","name":"Mar Casal","image":{"@type":"ImageObject","inLanguage":"en-GB","@id":"https:\/\/secure.gravatar.com\/avatar\/0c5b5c0acfc6dd97a3d3aa011dc533ecc1b3a7d453722f01b818868896a6b013?s=96&d=mm&r=g","url":"https:\/\/secure.gravatar.com\/avatar\/0c5b5c0acfc6dd97a3d3aa011dc533ecc1b3a7d453722f01b818868896a6b013?s=96&d=mm&r=g","contentUrl":"https:\/\/secure.gravatar.com\/avatar\/0c5b5c0acfc6dd97a3d3aa011dc533ecc1b3a7d453722f01b818868896a6b013?s=96&d=mm&r=g","caption":"Mar Casal"},"url":"https:\/\/www.marcasal.es\/en\/author\/marcadmin\/"}]}},"_links":{"self":[{"href":"https:\/\/www.marcasal.es\/en\/wp-json\/wp\/v2\/posts\/4912","targetHints":{"allow":["GET"]}}],"collection":[{"href":"https:\/\/www.marcasal.es\/en\/wp-json\/wp\/v2\/posts"}],"about":[{"href":"https:\/\/www.marcasal.es\/en\/wp-json\/wp\/v2\/types\/post"}],"author":[{"embeddable":true,"href":"https:\/\/www.marcasal.es\/en\/wp-json\/wp\/v2\/users\/1"}],"replies":[{"embeddable":true,"href":"https:\/\/www.marcasal.es\/en\/wp-json\/wp\/v2\/comments?post=4912"}],"version-history":[{"count":5,"href":"https:\/\/www.marcasal.es\/en\/wp-json\/wp\/v2\/posts\/4912\/revisions"}],"predecessor-version":[{"id":5131,"href":"https:\/\/www.marcasal.es\/en\/wp-json\/wp\/v2\/posts\/4912\/revisions\/5131"}],"wp:featuredmedia":[{"embeddable":true,"href":"https:\/\/www.marcasal.es\/en\/wp-json\/wp\/v2\/media\/4964"}],"wp:attachment":[{"href":"https:\/\/www.marcasal.es\/en\/wp-json\/wp\/v2\/media?parent=4912"}],"wp:term":[{"taxonomy":"category","embeddable":true,"href":"https:\/\/www.marcasal.es\/en\/wp-json\/wp\/v2\/categories?post=4912"},{"taxonomy":"post_tag","embeddable":true,"href":"https:\/\/www.marcasal.es\/en\/wp-json\/wp\/v2\/tags?post=4912"}],"curies":[{"name":"wp","href":"https:\/\/api.w.org\/{rel}","templated":true}]}}